{"id":4255,"date":"2011-11-04T10:33:44","date_gmt":"2011-11-04T08:33:44","guid":{"rendered":"http:\/\/blog.bib.uni-mannheim.de\/Aktuelles\/?p=4255"},"modified":"2011-12-24T11:33:46","modified_gmt":"2011-12-24T09:33:46","slug":"verlangerte-offnungszeiten-in-der-heisen-semesterendphase","status":"publish","type":"post","link":"https:\/\/blog.bib.uni-mannheim.de\/Aktuelles\/?p=4255","title":{"rendered":"verl\u00e4ngerte \u00d6ffnungszeiten in der &#8222;hei\u00dfen&#8220; Semesterendphase"},"content":{"rendered":"<p>Die hei\u00dfe Semesterphase mit Pr\u00fcfungsstress naht. In der Zeit vom <strong>14. November bis zum 23. Dezember 2011 sind die Bibliotheksbereiche <a href=\"http:\/\/www.bib.uni-mannheim.de\/68.html?&amp;L=0\" target=\"_blank\">A3<\/a>, <a href=\"http:\/\/www.bib.uni-mannheim.de\/69.html?&amp;L=0\" target=\"_blank\">A5<\/a>, <a href=\"http:\/\/www.bib.uni-mannheim.de\/70.html?&amp;L=0\" target=\"_blank\">Schloss Ehrenhof <\/a>und <a href=\"http:\/\/www.bib.uni-mannheim.de\/1132.html?&amp;L=0\" target=\"_blank\">Schloss Schneckenhof S\u00fcd (BWL)<\/a> daher wieder l\u00e4nger ge\u00f6ffnet<\/strong>: An den <strong>Wochenenden <\/strong>k\u00f6nnen Sie bereits<strong> ab 8 Uhr<\/strong> und zus\u00e4tzlich <strong>t\u00e4glich bis\u00a0  2 Uhr nachts<\/strong> diese Bibliotheksbereiche besuchen.<\/p>\n<p>Im <a href=\"http:\/\/www.bib.uni-mannheim.de\/70.html?&amp;L=0\" target=\"_blank\"><strong>Bibliotheksbereich Schloss Ehrenhof<\/strong> <\/a>bleibt die <strong>Wochenend\u00f6ffnung ab 8 Uhr <\/strong>w\u00e4hrend der ganzen vorlesungsfreien Zeit <strong>bis zum 12. Feburar 2012<\/strong> erhalten.<\/p>\n<p>Die <strong>\u00dcbersicht<\/strong> der regul\u00e4ren <strong>\u00d6ffnungszeiten<\/strong> aller  Bibliotheksbereiche  finden Sie <a title=\"OeZ Uebersicht\" href=\"http:\/\/www.bib.uni-mannheim.de\/88.html\" target=\"_blank\"><strong>hier<\/strong><\/a>.<\/p>\n","protected":false},"excerpt":{"rendered":"<p>Die hei\u00dfe Semesterphase mit Pr\u00fcfungsstress naht. In der Zeit vom 14. November bis zum 23. Dezember 2011 sind die Bibliotheksbereiche A3, A5, Schloss Ehrenhof und Schloss Schneckenhof S\u00fcd (BWL) daher wieder l\u00e4nger ge\u00f6ffnet: An den Wochenenden k\u00f6nnen Sie bereits ab &hellip; <a href=\"https:\/\/blog.bib.uni-mannheim.de\/Aktuelles\/?p=4255\">Weiterlesen <span class=\"meta-nav\">&rarr;<\/span><\/a><\/p>\n","protected":false},"author":27,"featured_media":0,"comment_status":"open","ping_status":"open","sticky":false,"template":"","format":"standard","meta":{"footnotes":""},"categories":[20],"tags":[],"class_list":["post-4255","post","type-post","status-publish","format-standard","hentry","category-oeffnungszeiten"],"views":5323,"_links":{"self":[{"href":"https:\/\/blog.bib.uni-mannheim.de\/Aktuelles\/index.php?rest_route=\/wp\/v2\/posts\/4255","targetHints":{"allow":["GET"]}}],"collection":[{"href":"https:\/\/blog.bib.uni-mannheim.de\/Aktuelles\/index.php?rest_route=\/wp\/v2\/posts"}],"about":[{"href":"https:\/\/blog.bib.uni-mannheim.de\/Aktuelles\/index.php?rest_route=\/wp\/v2\/types\/post"}],"author":[{"embeddable":true,"href":"https:\/\/blog.bib.uni-mannheim.de\/Aktuelles\/index.php?rest_route=\/wp\/v2\/users\/27"}],"replies":[{"embeddable":true,"href":"https:\/\/blog.bib.uni-mannheim.de\/Aktuelles\/index.php?rest_route=%2Fwp%2Fv2%2Fcomments&post=4255"}],"version-history":[{"count":0,"href":"https:\/\/blog.bib.uni-mannheim.de\/Aktuelles\/index.php?rest_route=\/wp\/v2\/posts\/4255\/revisions"}],"wp:attachment":[{"href":"https:\/\/blog.bib.uni-mannheim.de\/Aktuelles\/index.php?rest_route=%2Fwp%2Fv2%2Fmedia&parent=4255"}],"wp:term":[{"taxonomy":"category","embeddable":true,"href":"https:\/\/blog.bib.uni-mannheim.de\/Aktuelles\/index.php?rest_route=%2Fwp%2Fv2%2Fcategories&post=4255"},{"taxonomy":"post_tag","embeddable":true,"href":"https:\/\/blog.bib.uni-mannheim.de\/Aktuelles\/index.php?rest_route=%2Fwp%2Fv2%2Ftags&post=4255"}],"curies":[{"name":"wp","href":"https:\/\/api.w.org\/{rel}","templated":true}]}}