{"id":4293,"date":"2011-11-10T18:35:47","date_gmt":"2011-11-10T16:35:47","guid":{"rendered":"http:\/\/blog.bib.uni-mannheim.de\/Aktuelles\/?p=4293"},"modified":"2011-11-15T14:43:55","modified_gmt":"2011-11-15T12:43:55","slug":"15-11-2011-ausleihe-und-infocenter-vormittags-geschlossen","status":"publish","type":"post","link":"https:\/\/blog.bib.uni-mannheim.de\/Aktuelles\/?p=4293","title":{"rendered":"15.11.2011: Ausleihe und InfoCenter vormittags geschlossen"},"content":{"rendered":"<p>Wegen der <strong>j\u00e4hrlichen Personalversammlung<\/strong> der <strong><a href=\"http:\/\/www.uni-mannheim.de\/1\/startseite\/index.html\" target=\"_blank\">Universit\u00e4t Mannheim<\/a> <\/strong>bleiben die <strong>Magazinausleihe<\/strong> und das <strong>InfoCenter<\/strong> im <a href=\"http:\/\/www.bib.uni-mannheim.de\/1132.html\" target=\"_blank\">Bibliotheksbereich Schloss Schneckenhof West<\/a> am kommenden <strong>Dienstag, 15.11.2011,<\/strong> von <strong>9.00 Uhr bis 12.00 Uhr geschlossen.\u00a0 Buchr\u00fcckgaben<\/strong> sind in dieser Zeit im <strong>fach\u00fcbergreifenden Lesesaal<\/strong> (1.OG) m\u00f6glich.<\/p>\n<p>Vielen Dank f\u00fcr Ihr Verst\u00e4ndnis!<\/p>\n<p>&nbsp;<\/p>\n","protected":false},"excerpt":{"rendered":"<p>Wegen der j\u00e4hrlichen Personalversammlung der Universit\u00e4t Mannheim bleiben die Magazinausleihe und das InfoCenter im Bibliotheksbereich Schloss Schneckenhof West am kommenden Dienstag, 15.11.2011, von 9.00 Uhr bis 12.00 Uhr geschlossen.\u00a0 Buchr\u00fcckgaben sind in dieser Zeit im fach\u00fcbergreifenden Lesesaal (1.OG) m\u00f6glich. Vielen &hellip; <a href=\"https:\/\/blog.bib.uni-mannheim.de\/Aktuelles\/?p=4293\">Weiterlesen <span class=\"meta-nav\">&rarr;<\/span><\/a><\/p>\n","protected":false},"author":27,"featured_media":0,"comment_status":"open","ping_status":"open","sticky":false,"template":"","format":"standard","meta":{"footnotes":""},"categories":[20],"tags":[],"class_list":["post-4293","post","type-post","status-publish","format-standard","hentry","category-oeffnungszeiten"],"views":3359,"_links":{"self":[{"href":"https:\/\/blog.bib.uni-mannheim.de\/Aktuelles\/index.php?rest_route=\/wp\/v2\/posts\/4293","targetHints":{"allow":["GET"]}}],"collection":[{"href":"https:\/\/blog.bib.uni-mannheim.de\/Aktuelles\/index.php?rest_route=\/wp\/v2\/posts"}],"about":[{"href":"https:\/\/blog.bib.uni-mannheim.de\/Aktuelles\/index.php?rest_route=\/wp\/v2\/types\/post"}],"author":[{"embeddable":true,"href":"https:\/\/blog.bib.uni-mannheim.de\/Aktuelles\/index.php?rest_route=\/wp\/v2\/users\/27"}],"replies":[{"embeddable":true,"href":"https:\/\/blog.bib.uni-mannheim.de\/Aktuelles\/index.php?rest_route=%2Fwp%2Fv2%2Fcomments&post=4293"}],"version-history":[{"count":0,"href":"https:\/\/blog.bib.uni-mannheim.de\/Aktuelles\/index.php?rest_route=\/wp\/v2\/posts\/4293\/revisions"}],"wp:attachment":[{"href":"https:\/\/blog.bib.uni-mannheim.de\/Aktuelles\/index.php?rest_route=%2Fwp%2Fv2%2Fmedia&parent=4293"}],"wp:term":[{"taxonomy":"category","embeddable":true,"href":"https:\/\/blog.bib.uni-mannheim.de\/Aktuelles\/index.php?rest_route=%2Fwp%2Fv2%2Fcategories&post=4293"},{"taxonomy":"post_tag","embeddable":true,"href":"https:\/\/blog.bib.uni-mannheim.de\/Aktuelles\/index.php?rest_route=%2Fwp%2Fv2%2Ftags&post=4293"}],"curies":[{"name":"wp","href":"https:\/\/api.w.org\/{rel}","templated":true}]}}