{"id":4688,"date":"2012-02-09T18:18:28","date_gmt":"2012-02-09T16:18:28","guid":{"rendered":"http:\/\/blog.bib.uni-mannheim.de\/Aktuelles\/?p=4688"},"modified":"2012-05-07T11:59:08","modified_gmt":"2012-05-07T09:59:08","slug":"aktion-lesefreunde-unesco-welttag-des-buches-am-23-april","status":"publish","type":"post","link":"https:\/\/blog.bib.uni-mannheim.de\/Aktuelles\/?p=4688","title":{"rendered":"Aktion Lesefreunde &#8211; UNESCO Welttag des Buches am 23. April"},"content":{"rendered":"<p><a href=\"http:\/\/www.welttag-des-buches.de\/de\/470021\" target=\"_blank\"><img loading=\"lazy\" decoding=\"async\" class=\"alignright size-full wp-image-4693\" title=\"WDB2012_Lesefreund_6cm\" src=\"http:\/\/blog.bib.uni-mannheim.de\/Aktuelles\/wp-content\/uploads\/2012\/02\/WDB2012_Lesefreund_6cm1.jpg\" alt=\"\" width=\"103\" height=\"200\" \/><\/a><\/p>\n<p>[update 15.03.2012] Auch die Universit\u00e4tsbibliothek Mannheim (Bibliotheksbereich Schloss Schneckenhof, Eingang West) ist Abholstelle f\u00fcr die B\u00fccherpakete.<\/p>\n<p>Die Freude und die Lust am Lesen millionenfach teilen \u2013 das ist das Ziel   der <strong><a href=\"http:\/\/www.welttag-des-buches.de\/de\/470021\" target=\"_blank\">Aktion Lesefreunde<\/a><\/strong>, die jetzt erstmalig gemeinsam von der   Stiftung Lesen, dem B\u00f6rsenverein des Deutschen Buchhandels und  deutschen  Buchverlagen initiiert wurde. Die Idee: 33.333 Lese-Fans  k\u00f6nnen sich <strong>bis zum 20. Februar 2012 hier online bei der Aktion Lesefreunde<\/strong> registrieren und aus einer Liste  von 25  B\u00fcchern einen Titel w\u00e4hlen, den sie verschenken m\u00f6chten. Jeder  Schenker erh\u00e4lt  dann ein Paket mit 30 Exemplaren des von ihm gew\u00e4hlten  Titels. &#8222;Die Aktion Lesefreunde ist damit Teil einer  internationalen Lesebewegung, die 2012 auch in den USA und  Gro\u00dfbritannien gefeiert wird\u201c, erkl\u00e4rt Dr. Joerg Pfuhl,  Vorstandsvorsitzender der Stiftung Lesen.<\/p>\n<p><strong>Am 23. April 2012<\/strong> ist es dann wieder so weit: Deutschlandweit feiern  Buchhandlungen, Verlage, Bibliotheken, Schulen und Lesebegeisterte am  <a href=\"http:\/\/www.welttag-des-buches.de\/de\/index.html\" target=\"_blank\"><strong>UNESCO-Welttag des Buches<\/strong><\/a> ein gro\u00dfes Lesefest. Am Abend feiert die <strong>Aktion Lesefreunde<\/strong> mit dem Event <strong><a href=\"http:\/\/www.welttag-des-buches.de\/de\/470017\">Weltnacht des Buches<\/a><\/strong> in Hamburg ihren H\u00f6hepunkt und Abschluss.<\/p>\n","protected":false},"excerpt":{"rendered":"<p>[update 15.03.2012] Auch die Universit\u00e4tsbibliothek Mannheim (Bibliotheksbereich Schloss Schneckenhof, Eingang West) ist Abholstelle f\u00fcr die B\u00fccherpakete. Die Freude und die Lust am Lesen millionenfach teilen \u2013 das ist das Ziel der Aktion Lesefreunde, die jetzt erstmalig gemeinsam von der Stiftung &hellip; <a href=\"https:\/\/blog.bib.uni-mannheim.de\/Aktuelles\/?p=4688\">Weiterlesen <span class=\"meta-nav\">&rarr;<\/span><\/a><\/p>\n","protected":false},"author":19,"featured_media":0,"comment_status":"open","ping_status":"open","sticky":false,"template":"","format":"standard","meta":{"footnotes":""},"categories":[1,8],"tags":[],"class_list":["post-4688","post","type-post","status-publish","format-standard","hentry","category-allgemein","category-veranstaltungen"],"views":4759,"_links":{"self":[{"href":"https:\/\/blog.bib.uni-mannheim.de\/Aktuelles\/index.php?rest_route=\/wp\/v2\/posts\/4688","targetHints":{"allow":["GET"]}}],"collection":[{"href":"https:\/\/blog.bib.uni-mannheim.de\/Aktuelles\/index.php?rest_route=\/wp\/v2\/posts"}],"about":[{"href":"https:\/\/blog.bib.uni-mannheim.de\/Aktuelles\/index.php?rest_route=\/wp\/v2\/types\/post"}],"author":[{"embeddable":true,"href":"https:\/\/blog.bib.uni-mannheim.de\/Aktuelles\/index.php?rest_route=\/wp\/v2\/users\/19"}],"replies":[{"embeddable":true,"href":"https:\/\/blog.bib.uni-mannheim.de\/Aktuelles\/index.php?rest_route=%2Fwp%2Fv2%2Fcomments&post=4688"}],"version-history":[{"count":0,"href":"https:\/\/blog.bib.uni-mannheim.de\/Aktuelles\/index.php?rest_route=\/wp\/v2\/posts\/4688\/revisions"}],"wp:attachment":[{"href":"https:\/\/blog.bib.uni-mannheim.de\/Aktuelles\/index.php?rest_route=%2Fwp%2Fv2%2Fmedia&parent=4688"}],"wp:term":[{"taxonomy":"category","embeddable":true,"href":"https:\/\/blog.bib.uni-mannheim.de\/Aktuelles\/index.php?rest_route=%2Fwp%2Fv2%2Fcategories&post=4688"},{"taxonomy":"post_tag","embeddable":true,"href":"https:\/\/blog.bib.uni-mannheim.de\/Aktuelles\/index.php?rest_route=%2Fwp%2Fv2%2Ftags&post=4688"}],"curies":[{"name":"wp","href":"https:\/\/api.w.org\/{rel}","templated":true}]}}