{"id":5216,"date":"2012-04-25T11:43:50","date_gmt":"2012-04-25T09:43:50","guid":{"rendered":"http:\/\/blog.bib.uni-mannheim.de\/Aktuelles\/?p=5216"},"modified":"2012-06-18T09:47:21","modified_gmt":"2012-06-18T07:47:21","slug":"verlangerte-offnungszeiten-ab-7-mai-2012","status":"publish","type":"post","link":"https:\/\/blog.bib.uni-mannheim.de\/Aktuelles\/?p=5216","title":{"rendered":"Verl\u00e4ngerte \u00d6ffnungszeiten ab 7. Mai 2012"},"content":{"rendered":"<p><a href=\"http:\/\/blog.bib.uni-mannheim.de\/Aktuelles\/?p=5216\"><img loading=\"lazy\" decoding=\"async\" class=\"alignleft size-medium wp-image-5219\" title=\"OEZ_lang\" src=\"http:\/\/blog.bib.uni-mannheim.de\/Aktuelles\/wp-content\/uploads\/2012\/04\/OEZ_lang-300x199.jpg\" alt=\"\" width=\"160\" height=\"107\" srcset=\"https:\/\/blog.bib.uni-mannheim.de\/Aktuelles\/wp-content\/uploads\/2012\/04\/OEZ_lang-300x199.jpg 300w, https:\/\/blog.bib.uni-mannheim.de\/Aktuelles\/wp-content\/uploads\/2012\/04\/OEZ_lang-1024x681.jpg 1024w, https:\/\/blog.bib.uni-mannheim.de\/Aktuelles\/wp-content\/uploads\/2012\/04\/OEZ_lang.jpg 1706w\" sizes=\"auto, (max-width: 160px) 100vw, 160px\" \/><\/a>In der Zeit vom <strong>7. Mai bis zum 15. Juni 2012 <\/strong>sind die<strong> Bibliotheksbereiche <a href=\"http:\/\/www.bib.uni-mannheim.de\/68.html?&amp;L=0\" target=\"_blank\">A3<\/a>, <a href=\"http:\/\/www.bib.uni-mannheim.de\/69.html?&amp;L=0\" target=\"_blank\">A5<\/a>, <a href=\"http:\/\/www.bib.uni-mannheim.de\/70.html?&amp;L=0\" target=\"_blank\">Schloss Ehrenhof <\/a><\/strong>und<strong> <a href=\"http:\/\/www.bib.uni-mannheim.de\/1132.html?&amp;L=0\" target=\"_blank\">Schloss Schneckenhof S\u00fcd (BWL)<\/a> <\/strong>w\u00e4hrend der Pr\u00fcfungszeit wieder l\u00e4nger ge\u00f6ffnet.<strong> <\/strong><\/p>\n<p><strong>T\u00e4glich k\u00f6nnen Sie diese Bibliotheksbereiche in der Pr\u00fcfungsphase<br \/>\nbis\u00a0  2 Uhr nachts und an Wochenenden bereits ab 8 Uhr fr\u00fch besuchen.<\/strong><\/p>\n<p>Der <a href=\"http:\/\/www.bib.uni-mannheim.de\/70.html?&amp;L=0\" target=\"_blank\"><strong>Bibliotheksbereich Schloss Ehrenhof<\/strong><\/a> bleibt w\u00e4hrend der vorlesungsfreien Zeit <strong>bis zum 2. September 2012<\/strong> am <strong>Wochenende ab 8 Uhr <\/strong>ge\u00f6ffnet.<\/p>\n<p>Die <strong>\u00dcbersicht<\/strong> der regul\u00e4ren <strong>\u00d6ffnungszeiten<\/strong> aller  Bibliotheksbereiche  finden Sie <a title=\"OeZ Uebersicht\" href=\"http:\/\/www.bib.uni-mannheim.de\/88.html\" target=\"_blank\"><strong>hier<\/strong><\/a>.<\/p>\n","protected":false},"excerpt":{"rendered":"<p>In der Zeit vom 7. Mai bis zum 15. Juni 2012 sind die Bibliotheksbereiche A3, A5, Schloss Ehrenhof und Schloss Schneckenhof S\u00fcd (BWL) w\u00e4hrend der Pr\u00fcfungszeit wieder l\u00e4nger ge\u00f6ffnet. T\u00e4glich k\u00f6nnen Sie diese Bibliotheksbereiche in der Pr\u00fcfungsphase bis\u00a0 2 Uhr &hellip; <a href=\"https:\/\/blog.bib.uni-mannheim.de\/Aktuelles\/?p=5216\">Weiterlesen <span class=\"meta-nav\">&rarr;<\/span><\/a><\/p>\n","protected":false},"author":19,"featured_media":0,"comment_status":"open","ping_status":"open","sticky":false,"template":"","format":"standard","meta":{"footnotes":""},"categories":[20],"tags":[],"class_list":["post-5216","post","type-post","status-publish","format-standard","hentry","category-oeffnungszeiten"],"views":5241,"_links":{"self":[{"href":"https:\/\/blog.bib.uni-mannheim.de\/Aktuelles\/index.php?rest_route=\/wp\/v2\/posts\/5216","targetHints":{"allow":["GET"]}}],"collection":[{"href":"https:\/\/blog.bib.uni-mannheim.de\/Aktuelles\/index.php?rest_route=\/wp\/v2\/posts"}],"about":[{"href":"https:\/\/blog.bib.uni-mannheim.de\/Aktuelles\/index.php?rest_route=\/wp\/v2\/types\/post"}],"author":[{"embeddable":true,"href":"https:\/\/blog.bib.uni-mannheim.de\/Aktuelles\/index.php?rest_route=\/wp\/v2\/users\/19"}],"replies":[{"embeddable":true,"href":"https:\/\/blog.bib.uni-mannheim.de\/Aktuelles\/index.php?rest_route=%2Fwp%2Fv2%2Fcomments&post=5216"}],"version-history":[{"count":0,"href":"https:\/\/blog.bib.uni-mannheim.de\/Aktuelles\/index.php?rest_route=\/wp\/v2\/posts\/5216\/revisions"}],"wp:attachment":[{"href":"https:\/\/blog.bib.uni-mannheim.de\/Aktuelles\/index.php?rest_route=%2Fwp%2Fv2%2Fmedia&parent=5216"}],"wp:term":[{"taxonomy":"category","embeddable":true,"href":"https:\/\/blog.bib.uni-mannheim.de\/Aktuelles\/index.php?rest_route=%2Fwp%2Fv2%2Fcategories&post=5216"},{"taxonomy":"post_tag","embeddable":true,"href":"https:\/\/blog.bib.uni-mannheim.de\/Aktuelles\/index.php?rest_route=%2Fwp%2Fv2%2Ftags&post=5216"}],"curies":[{"name":"wp","href":"https:\/\/api.w.org\/{rel}","templated":true}]}}