{"id":5246,"date":"2012-04-24T14:13:32","date_gmt":"2012-04-24T12:13:32","guid":{"rendered":"http:\/\/blog.bib.uni-mannheim.de\/Aktuelles\/?p=5246"},"modified":"2016-09-12T09:03:55","modified_gmt":"2016-09-12T07:03:55","slug":"donnerstags-ist-smartboard-sprechstunde","status":"publish","type":"post","link":"https:\/\/blog.bib.uni-mannheim.de\/Aktuelles\/?p=5246","title":{"rendered":"Donnerstags ist Smartboard-Sprechstunde"},"content":{"rendered":"<p><strong>Fragen zu Smartboard-Funktionen, Tipps oder Hilfestellung ben\u00f6tigt?<\/strong><a href=\"http:\/\/blog.bib.uni-mannheim.de\/Aktuelles\/?p=5246\"><img loading=\"lazy\" decoding=\"async\" class=\"alignright size-medium wp-image-5271\" title=\"Smartboardsprechstunde_02\" src=\"http:\/\/blog.bib.uni-mannheim.de\/Aktuelles\/wp-content\/uploads\/2012\/04\/Smartboardsprechstunde_02-300x242.jpg\" alt=\"\" width=\"220\" height=\"178\" srcset=\"https:\/\/blog.bib.uni-mannheim.de\/Aktuelles\/wp-content\/uploads\/2012\/04\/Smartboardsprechstunde_02-300x242.jpg 300w, https:\/\/blog.bib.uni-mannheim.de\/Aktuelles\/wp-content\/uploads\/2012\/04\/Smartboardsprechstunde_02.jpg 389w\" sizes=\"auto, (max-width: 220px) 100vw, 220px\" \/><\/a><\/p>\n<p>&nbsp;<\/p>\n<p>&nbsp;<\/p>\n<p>Was Sie schon immer mal zum Einsatz der Smartboards wissen wollten, k\u00f6nnen Sie <strong>bis zum Ende der aktuellen Vorlesungszeit<\/strong> nun jeweils <strong>donnerstags von 15.00-17.00 Uhr <\/strong>im Lesesaal Schneckenhof West, direkt am\u00a0 zentralen Smartboard in unserer neuen <strong>Smartboardsprechstunde<\/strong> erfragen.<\/p>\n<p>David Ke\u00dfler vom UB-Team h\u00e4lt sich vor Ort f\u00fcr Ihre Fragen bereit, zus\u00e4tzlich k\u00f6nnen Sie ihn jederzeit via E-Mail zum Thema kontaktieren.<\/p>\n<p>&nbsp;<\/p>\n<p><strong>Kommen Sie mit Ihren Fragen!<\/strong><\/p>\n<p>&nbsp;<\/p>\n","protected":false},"excerpt":{"rendered":"<p>Fragen zu Smartboard-Funktionen, Tipps oder Hilfestellung ben\u00f6tigt? &nbsp; &nbsp; Was Sie schon immer mal zum Einsatz der Smartboards wissen wollten, k\u00f6nnen Sie bis zum Ende der aktuellen Vorlesungszeit nun jeweils donnerstags von 15.00-17.00 Uhr im Lesesaal Schneckenhof West, direkt am\u00a0 &hellip; <a href=\"https:\/\/blog.bib.uni-mannheim.de\/Aktuelles\/?p=5246\">Weiterlesen <span class=\"meta-nav\">&rarr;<\/span><\/a><\/p>\n","protected":false},"author":27,"featured_media":0,"comment_status":"open","ping_status":"open","sticky":false,"template":"","format":"standard","meta":{"footnotes":""},"categories":[2],"tags":[],"class_list":["post-5246","post","type-post","status-publish","format-standard","hentry","category-services"],"views":4557,"_links":{"self":[{"href":"https:\/\/blog.bib.uni-mannheim.de\/Aktuelles\/index.php?rest_route=\/wp\/v2\/posts\/5246","targetHints":{"allow":["GET"]}}],"collection":[{"href":"https:\/\/blog.bib.uni-mannheim.de\/Aktuelles\/index.php?rest_route=\/wp\/v2\/posts"}],"about":[{"href":"https:\/\/blog.bib.uni-mannheim.de\/Aktuelles\/index.php?rest_route=\/wp\/v2\/types\/post"}],"author":[{"embeddable":true,"href":"https:\/\/blog.bib.uni-mannheim.de\/Aktuelles\/index.php?rest_route=\/wp\/v2\/users\/27"}],"replies":[{"embeddable":true,"href":"https:\/\/blog.bib.uni-mannheim.de\/Aktuelles\/index.php?rest_route=%2Fwp%2Fv2%2Fcomments&post=5246"}],"version-history":[{"count":0,"href":"https:\/\/blog.bib.uni-mannheim.de\/Aktuelles\/index.php?rest_route=\/wp\/v2\/posts\/5246\/revisions"}],"wp:attachment":[{"href":"https:\/\/blog.bib.uni-mannheim.de\/Aktuelles\/index.php?rest_route=%2Fwp%2Fv2%2Fmedia&parent=5246"}],"wp:term":[{"taxonomy":"category","embeddable":true,"href":"https:\/\/blog.bib.uni-mannheim.de\/Aktuelles\/index.php?rest_route=%2Fwp%2Fv2%2Fcategories&post=5246"},{"taxonomy":"post_tag","embeddable":true,"href":"https:\/\/blog.bib.uni-mannheim.de\/Aktuelles\/index.php?rest_route=%2Fwp%2Fv2%2Ftags&post=5246"}],"curies":[{"name":"wp","href":"https:\/\/api.w.org\/{rel}","templated":true}]}}