{"id":5307,"date":"2012-05-02T17:33:07","date_gmt":"2012-05-02T15:33:07","guid":{"rendered":"http:\/\/blog.bib.uni-mannheim.de\/Aktuelles\/?p=5307"},"modified":"2012-05-21T12:06:07","modified_gmt":"2012-05-21T10:06:07","slug":"katholikentag-17-20-mai-bb-schloss-ehrenhof-erst-ab-14-00-uhr-geoffnet","status":"publish","type":"post","link":"https:\/\/blog.bib.uni-mannheim.de\/Aktuelles\/?p=5307","title":{"rendered":"Katholikentag! 17.\/20. Mai BB Schloss Ehrenhof erst ab 14.00 Uhr ge\u00f6ffnet"},"content":{"rendered":"<p>Vom <strong>17.-20. Mai<\/strong> findet der diesj\u00e4hrige <a href=\"http:\/\/www.katholikentag.de\/\" target=\"_blank\">Katholikentag <\/a>in Mannheim statt:<\/p>\n<p>&nbsp;<\/p>\n<p><a title=\"Katholikentag\" href=\"http:\/\/www.katholikentag.de\/\" target=\"_blank\"><img loading=\"lazy\" decoding=\"async\" class=\"alignleft size-full wp-image-5312\" title=\"Katholikentag2\" src=\"http:\/\/blog.bib.uni-mannheim.de\/Aktuelles\/wp-content\/uploads\/2012\/05\/Katholikentag21.gif\" alt=\"\" width=\"176\" height=\"59\" \/><\/a><\/p>\n<p>W\u00e4hrend zweier zentraler <strong>Gro\u00dfveranstaltungen im Ehrenhof<\/strong> ist die <strong>Benutzung der umliegenden Schlossr\u00e4ume nicht gestattet<\/strong>. Der <a href=\"http:\/\/www.bib.uni-mannheim.de\/index.php?id=70\" target=\"_blank\">Bibliotheksbereich Schloss Ehrenhof<\/a> wird daher am\u00a0 <strong>17. Mai<\/strong> (<strong>Himmelfahrt) und am 20. Mai<\/strong> erst <strong>um 14.00 Uhr <\/strong>\u00f6ffnen<strong>.<\/strong><\/p>\n<p><strong><br \/>\n<\/strong><\/p>\n<p>&nbsp;<\/p>\n<p>&nbsp;<\/p>\n","protected":false},"excerpt":{"rendered":"<p>Vom 17.-20. Mai findet der diesj\u00e4hrige Katholikentag in Mannheim statt: &nbsp; W\u00e4hrend zweier zentraler Gro\u00dfveranstaltungen im Ehrenhof ist die Benutzung der umliegenden Schlossr\u00e4ume nicht gestattet. Der Bibliotheksbereich Schloss Ehrenhof wird daher am\u00a0 17. Mai (Himmelfahrt) und am 20. Mai erst &hellip; <a href=\"https:\/\/blog.bib.uni-mannheim.de\/Aktuelles\/?p=5307\">Weiterlesen <span class=\"meta-nav\">&rarr;<\/span><\/a><\/p>\n","protected":false},"author":27,"featured_media":0,"comment_status":"open","ping_status":"open","sticky":false,"template":"","format":"standard","meta":{"footnotes":""},"categories":[9,20,8],"tags":[],"class_list":["post-5307","post","type-post","status-publish","format-standard","hentry","category-aus-den-bereichen","category-oeffnungszeiten","category-veranstaltungen"],"views":3921,"_links":{"self":[{"href":"https:\/\/blog.bib.uni-mannheim.de\/Aktuelles\/index.php?rest_route=\/wp\/v2\/posts\/5307","targetHints":{"allow":["GET"]}}],"collection":[{"href":"https:\/\/blog.bib.uni-mannheim.de\/Aktuelles\/index.php?rest_route=\/wp\/v2\/posts"}],"about":[{"href":"https:\/\/blog.bib.uni-mannheim.de\/Aktuelles\/index.php?rest_route=\/wp\/v2\/types\/post"}],"author":[{"embeddable":true,"href":"https:\/\/blog.bib.uni-mannheim.de\/Aktuelles\/index.php?rest_route=\/wp\/v2\/users\/27"}],"replies":[{"embeddable":true,"href":"https:\/\/blog.bib.uni-mannheim.de\/Aktuelles\/index.php?rest_route=%2Fwp%2Fv2%2Fcomments&post=5307"}],"version-history":[{"count":0,"href":"https:\/\/blog.bib.uni-mannheim.de\/Aktuelles\/index.php?rest_route=\/wp\/v2\/posts\/5307\/revisions"}],"wp:attachment":[{"href":"https:\/\/blog.bib.uni-mannheim.de\/Aktuelles\/index.php?rest_route=%2Fwp%2Fv2%2Fmedia&parent=5307"}],"wp:term":[{"taxonomy":"category","embeddable":true,"href":"https:\/\/blog.bib.uni-mannheim.de\/Aktuelles\/index.php?rest_route=%2Fwp%2Fv2%2Fcategories&post=5307"},{"taxonomy":"post_tag","embeddable":true,"href":"https:\/\/blog.bib.uni-mannheim.de\/Aktuelles\/index.php?rest_route=%2Fwp%2Fv2%2Ftags&post=5307"}],"curies":[{"name":"wp","href":"https:\/\/api.w.org\/{rel}","templated":true}]}}