{"id":540,"date":"2008-10-24T11:34:45","date_gmt":"2008-10-24T09:34:45","guid":{"rendered":"http:\/\/blog.bib.uni-mannheim.de\/Aktuelles\/?p=540"},"modified":"2009-08-04T08:01:55","modified_gmt":"2009-08-04T07:01:55","slug":"vortrag-%e2%80%9erechtliche-aspekte-beim-e-learning%e2%80%9c-am-19112008","status":"publish","type":"post","link":"https:\/\/blog.bib.uni-mannheim.de\/Aktuelles\/?p=540","title":{"rendered":"Vortrag \u201eRechtliche Aspekte beim E-Learning\u201c am 19.11.2008"},"content":{"rendered":"<p><em><strong>Update (20.11.2008): Die Folien des Vortrags stehen auf der <a href=\"http:\/\/www.bib.uni-mannheim.de\/1049.html\">Website des Multimedia-Zentrums<\/a> zum Download zur Verf\u00fcgung.<\/strong><\/em><\/p>\n<p class=\"MsoNormal\"><a title=\"logo\" href=\"http:\/\/blog.bib.uni-mannheim.de\/Aktuelles\/?p=540\"><img decoding=\"async\" align=\"left\" alt=\"e-learning-logo.gif\" id=\"image544\" title=\"e-learning-logo.gif\" src=\"http:\/\/blog.bib.uni-mannheim.de\/Aktuelles\/wp-content\/uploads\/e-learning-logo.gif\" \/><\/a>Das <a target=\"_blank\" title=\"mmz\" href=\"http:\/\/www.bib.uni-mannheim.de\/1048.html\">Multimedia-Zentrum<\/a> l\u00e4dt Sie herzlich zu einer neuen Veranstaltungsreihe rund um das Thema E-Learning ein. In regelm\u00e4\u00dfigen Abst\u00e4nden werden wir Ihnen k\u00fcnftig in kurzen Vortr\u00e4gen und Workshops verschiedene didaktische und technische M\u00f6glichkeiten des Einsatzes von Neuen Medien in der Lehre vorstellen.<\/p>\n<p><!--[endif]--><\/p>\n<p class=\"MsoNormal\">Start der Veranstaltungsreihe:<\/p>\n<p class=\"MsoNormal\">\n<p class=\"MsoNormal\">\n<p class=\"MsoNormal\">Vortrag: <strong>\u201eRechtliche Aspekte beim E-Learning\u201c &#8211; Jessica Kaiser<\/strong><br \/>\nTermin: <strong>Mittwoch, 19.11.2008, 15:30-17 Uhr<\/strong><br \/>\nOrt: <strong>Senatssaal<\/strong> <a target=\"_blank\" title=\"map\" href=\"http:\/\/maps.google.com\/maps\/ms?ie=UTF8&#038;hl=de&#038;msa=0&#038;ll=49.483259,8.46356&#038;spn=0.002474,0.004828&#038;t=h&#038;z=18&#038;msid=109619360240830653754.00045a6320d062a054b10\"><strong>(O26-28)<\/strong><\/a>\n<\/p>\n<p class=\"MsoNormal\">\n<p class=\"MsoNormal\">Unter welchen Bedingungen kann man Bilder, Filme und Texte aus dem Internet in der Lehre einsetzen? Darf man ein Buch in digitaler Form auf der Lernplattform zur Verf\u00fcgung stellen? Wie ist selbsterstelltes Lehrmaterial rechtlich gesch\u00fctzt? Diese und weitere Aspekte werden thematisiert. Sollten Sie spezielle rechtliche Fragen in diesem Bereich haben, schicken Sie uns diese per Email mit der Anmeldung, so k\u00f6nnen sie in die Veranstaltung direkt einflie\u00dfen.<\/p>\n<p class=\"MsoNormal\">Anmeldung bitte bis 14.11.2008 an E-Mail<\/p>\n<p class=\"MsoNormal\">\n<p class=\"MsoNormal\">\n<p class=\"MsoNormal\">\n<p><!--[if !supportLineBreakNewLine]-->Die Veranstaltung richtet sich an Lehrende der Universit\u00e4t Mannheim und sonstige Interessierte.<br \/>\n<!--[endif]--><\/p>\n","protected":false},"excerpt":{"rendered":"<p>Update (20.11.2008): Die Folien des Vortrags stehen auf der Website des Multimedia-Zentrums zum Download zur Verf\u00fcgung. Das Multimedia-Zentrum l\u00e4dt Sie herzlich zu einer neuen Veranstaltungsreihe rund um das Thema E-Learning ein. In regelm\u00e4\u00dfigen Abst\u00e4nden werden wir Ihnen k\u00fcnftig in kurzen &hellip; <a href=\"https:\/\/blog.bib.uni-mannheim.de\/Aktuelles\/?p=540\">Weiterlesen <span class=\"meta-nav\">&rarr;<\/span><\/a><\/p>\n","protected":false},"author":20,"featured_media":0,"comment_status":"open","ping_status":"open","sticky":false,"template":"","format":"standard","meta":{"footnotes":""},"categories":[2,8],"tags":[],"class_list":["post-540","post","type-post","status-publish","format-standard","hentry","category-services","category-veranstaltungen"],"views":4202,"_links":{"self":[{"href":"https:\/\/blog.bib.uni-mannheim.de\/Aktuelles\/index.php?rest_route=\/wp\/v2\/posts\/540","targetHints":{"allow":["GET"]}}],"collection":[{"href":"https:\/\/blog.bib.uni-mannheim.de\/Aktuelles\/index.php?rest_route=\/wp\/v2\/posts"}],"about":[{"href":"https:\/\/blog.bib.uni-mannheim.de\/Aktuelles\/index.php?rest_route=\/wp\/v2\/types\/post"}],"author":[{"embeddable":true,"href":"https:\/\/blog.bib.uni-mannheim.de\/Aktuelles\/index.php?rest_route=\/wp\/v2\/users\/20"}],"replies":[{"embeddable":true,"href":"https:\/\/blog.bib.uni-mannheim.de\/Aktuelles\/index.php?rest_route=%2Fwp%2Fv2%2Fcomments&post=540"}],"version-history":[{"count":0,"href":"https:\/\/blog.bib.uni-mannheim.de\/Aktuelles\/index.php?rest_route=\/wp\/v2\/posts\/540\/revisions"}],"wp:attachment":[{"href":"https:\/\/blog.bib.uni-mannheim.de\/Aktuelles\/index.php?rest_route=%2Fwp%2Fv2%2Fmedia&parent=540"}],"wp:term":[{"taxonomy":"category","embeddable":true,"href":"https:\/\/blog.bib.uni-mannheim.de\/Aktuelles\/index.php?rest_route=%2Fwp%2Fv2%2Fcategories&post=540"},{"taxonomy":"post_tag","embeddable":true,"href":"https:\/\/blog.bib.uni-mannheim.de\/Aktuelles\/index.php?rest_route=%2Fwp%2Fv2%2Ftags&post=540"}],"curies":[{"name":"wp","href":"https:\/\/api.w.org\/{rel}","templated":true}]}}