{"id":5607,"date":"2012-06-22T10:26:00","date_gmt":"2012-06-22T08:26:00","guid":{"rendered":"http:\/\/blog.bib.uni-mannheim.de\/Aktuelles\/?p=5607"},"modified":"2013-02-19T17:12:57","modified_gmt":"2013-02-19T15:12:57","slug":"a3-zieht-fur-ein-semester-ins-ausweichquartier","status":"publish","type":"post","link":"https:\/\/blog.bib.uni-mannheim.de\/Aktuelles\/?p=5607","title":{"rendered":"A3 zieht f\u00fcr ein Semester ins Ausweichquartier"},"content":{"rendered":"<p>[update 29.06.2012] Der Umzug ist abgeschlossen.<strong><br \/>\nDie A3-Bibliothek befindet sich nun im Schloss Westfl\u00fcgel.<\/strong><\/p>\n<p>Ab Montag, 25. Juni zieht der Bibliotheksbereich A3 &#8211; <a href=\"http:\/\/blog.bib.uni-mannheim.de\/Aktuelles\/?p=5306\" target=\"_blank\">wie bereits berichtet<\/a> &#8211; vor\u00fcbergehend wegen der Sanierung der Klimatechnik und des gro\u00dfen H\u00f6rsaales im EG f\u00fcr ein Semester in den Westfl\u00fcgel um.<strong><br \/>\n<\/strong><strong>Ablauf des Umzuges<\/strong><em><strong>:<a href=\"http:\/\/blog.bib.uni-mannheim.de\/Aktuelles\/?p=5607\"><img loading=\"lazy\" decoding=\"async\" class=\"alignright size-full wp-image-5640\" title=\"Buch_hellgr\u00fcn 4cm\" src=\"http:\/\/blog.bib.uni-mannheim.de\/Aktuelles\/wp-content\/uploads\/2012\/06\/Buch_hellgr\u00fcn-4cm1.jpg\" alt=\"\" width=\"161\" height=\"189\" \/><\/a><br \/>\n\u00d6ffnungszeiten in A3<\/strong><\/em><\/p>\n<ul>\n<li>Mo, 25. \u2013 Do, 28. Juni:<br \/>\n8 &#8211; 24 Uhr<\/li>\n<li>Fr, 29. Juni:<br \/>\n8 \u2013 19 Uhr<em><strong> <\/strong><\/em><em><strong> <\/strong><\/em><em><strong> <\/strong><\/em><\/li>\n<\/ul>\n<p><em><strong>\u00d6ffnungszeiten im Westfl\u00fcgel<\/strong><\/em><\/p>\n<ul>\n<li>Di, 26. Juni \u2013 Do, 28. Juni:<br \/>\n8\u00a0 \u2013 19 Uhr<\/li>\n<li>ab Freitag, 29. Juni<br \/>\nt\u00e4glich bis 24 Uhr ge\u00f6ffnet.<br \/>\n<em>Ab diesem Tag k\u00f6nnen ben\u00f6tigte B\u00fccher aus A3<\/em><br \/>\n<em> via Primo bestellt werden.<\/em><strong><br \/>\n\u00dcbersichtsflyer: <a href=\"http:\/\/blog.bib.uni-mannheim.de\/Aktuelles\/wp-content\/uploads\/2012\/06\/A3Umzug_Ablauf_Juni_2012.pdf\">Ablaufplan Umzug<\/a> || <a href=\"http:\/\/blog.bib.uni-mannheim.de\/Aktuelles\/wp-content\/uploads\/2012\/06\/A3Services_Ausweichquartier.pdf\">Services im Ausweichquartier<\/a><\/strong><\/li>\n<\/ul>\n<p><strong>Bitte wenden Sie sich bis sp\u00e4testens Freitag, 29. Juni um 12 Uhr mittags an die Infotheke in A3 oder im Westfl\u00fcgel, damit wir Ihr pers\u00f6nliches Anliegen l\u00f6sen k\u00f6nnen und Ihre ben\u00f6tigten B\u00fccher \u00fcber das Wochenende 30. Juni\/1. Juli im Westfl\u00fcgel f\u00fcr Sie bereitstellen.<\/strong><br \/>\nArbeitspl\u00e4tze und vieles mehr stehen bereits ab Dienstag, 26. Juni im Ausweichquartier im Westfl\u00fcgel zur Verf\u00fcgung.<br \/>\nWir beantworten Ihre Fragen auch gerne hier im Blog.<\/p>\n<p>&nbsp;<\/p>\n","protected":false},"excerpt":{"rendered":"<p>[update 29.06.2012] Der Umzug ist abgeschlossen. Die A3-Bibliothek befindet sich nun im Schloss Westfl\u00fcgel. Ab Montag, 25. Juni zieht der Bibliotheksbereich A3 &#8211; wie bereits berichtet &#8211; vor\u00fcbergehend wegen der Sanierung der Klimatechnik und des gro\u00dfen H\u00f6rsaales im EG f\u00fcr &hellip; <a href=\"https:\/\/blog.bib.uni-mannheim.de\/Aktuelles\/?p=5607\">Weiterlesen <span class=\"meta-nav\">&rarr;<\/span><\/a><\/p>\n","protected":false},"author":19,"featured_media":0,"comment_status":"open","ping_status":"open","sticky":false,"template":"","format":"standard","meta":{"footnotes":""},"categories":[9],"tags":[],"class_list":["post-5607","post","type-post","status-publish","format-standard","hentry","category-aus-den-bereichen"],"views":10194,"_links":{"self":[{"href":"https:\/\/blog.bib.uni-mannheim.de\/Aktuelles\/index.php?rest_route=\/wp\/v2\/posts\/5607","targetHints":{"allow":["GET"]}}],"collection":[{"href":"https:\/\/blog.bib.uni-mannheim.de\/Aktuelles\/index.php?rest_route=\/wp\/v2\/posts"}],"about":[{"href":"https:\/\/blog.bib.uni-mannheim.de\/Aktuelles\/index.php?rest_route=\/wp\/v2\/types\/post"}],"author":[{"embeddable":true,"href":"https:\/\/blog.bib.uni-mannheim.de\/Aktuelles\/index.php?rest_route=\/wp\/v2\/users\/19"}],"replies":[{"embeddable":true,"href":"https:\/\/blog.bib.uni-mannheim.de\/Aktuelles\/index.php?rest_route=%2Fwp%2Fv2%2Fcomments&post=5607"}],"version-history":[{"count":0,"href":"https:\/\/blog.bib.uni-mannheim.de\/Aktuelles\/index.php?rest_route=\/wp\/v2\/posts\/5607\/revisions"}],"wp:attachment":[{"href":"https:\/\/blog.bib.uni-mannheim.de\/Aktuelles\/index.php?rest_route=%2Fwp%2Fv2%2Fmedia&parent=5607"}],"wp:term":[{"taxonomy":"category","embeddable":true,"href":"https:\/\/blog.bib.uni-mannheim.de\/Aktuelles\/index.php?rest_route=%2Fwp%2Fv2%2Fcategories&post=5607"},{"taxonomy":"post_tag","embeddable":true,"href":"https:\/\/blog.bib.uni-mannheim.de\/Aktuelles\/index.php?rest_route=%2Fwp%2Fv2%2Ftags&post=5607"}],"curies":[{"name":"wp","href":"https:\/\/api.w.org\/{rel}","templated":true}]}}