{"id":5848,"date":"2012-07-19T16:48:03","date_gmt":"2012-07-19T14:48:03","guid":{"rendered":"http:\/\/blog.bib.uni-mannheim.de\/Aktuelles\/?p=5848"},"modified":"2013-02-21T13:05:38","modified_gmt":"2013-02-21T11:05:38","slug":"zwischen-kunst-einladung-zur-vernissage-am-26-juli","status":"publish","type":"post","link":"https:\/\/blog.bib.uni-mannheim.de\/Aktuelles\/?p=5848","title":{"rendered":"Zwischen KUNST &#8211; Einladung zur Vernissage am 26. Juli"},"content":{"rendered":"<p>Die Universit\u00e4tsbibliothek l\u00e4dt ein zur Vernissage von <a href=\"http:\/\/www.bib.uni-mannheim.de\/1174.html?&amp;L=0\" target=\"_blank\"><strong>Zwischen KUNST<\/strong><\/a><\/p>\n<p>&gt; am Donnerstag, 26. Juli um 14 Uhr<br \/>\n&gt; im Schloss Westfl\u00fcgel, EG<br \/>\n&gt; in das <a href=\"http:\/\/maps.google.de\/maps\/ms?ie=UTF8&amp;t=h&amp;hl=de&amp;msa=0&amp;msid=109557274573067261041.000454d09819cb23d7624&amp;ll=49.48497,8.461731&amp;spn=0.002575,0.004828&amp;z=18\" target=\"_blank\">Ausweichquartier des Bibliotheksbereiches A3<\/a><\/p>\n<p>Lassen Sie sich verzaubern von der Atmosph\u00e4re, die seit dem <a href=\"http:\/\/blog.bib.uni-mannheim.de\/Aktuelles\/?p=5744\" target=\"_blank\"><strong>Start dieser Kunstaktion <\/strong><\/a>unter der Regie der K\u00fcnstler Bahaiden, Angel Panevski und Susanne Kaerner in diese Bibliotheksr\u00e4ume eingezogen ist.<\/p>\n<p><strong>Wir freuen uns sehr auf Ihr Kommen und w\u00fcrden gerne mit Sekt oder Selters mit Ihnen auf die K\u00fcnstler und Ihre Werke anstossen.<\/strong><\/p>\n<p><strong><a href=\"http:\/\/www.flickr.com\/photos\/ub_mannheim\/\" target=\"_blank\">Fotostream<\/a><br \/>\n<\/strong><\/p>\n<p><a href=\"http:\/\/blog.bib.uni-mannheim.de\/Aktuelles\/?p=5848\"><img loading=\"lazy\" decoding=\"async\" class=\"alignleft size-full wp-image-5855\" title=\"ZwischenKunst_01\" src=\"http:\/\/blog.bib.uni-mannheim.de\/Aktuelles\/wp-content\/uploads\/2012\/07\/ZwischenKunst_01.jpg\" alt=\"\" width=\"195\" height=\"182\" \/><\/a><a href=\"http:\/\/blog.bib.uni-mannheim.de\/Aktuelles\/?p=5848\"><img loading=\"lazy\" decoding=\"async\" class=\"alignleft size-full wp-image-5858\" title=\"ZwischenKunst_03\" src=\"http:\/\/blog.bib.uni-mannheim.de\/Aktuelles\/wp-content\/uploads\/2012\/07\/ZwischenKunst_031.jpg\" alt=\"\" width=\"181\" height=\"179\" \/><\/a><a href=\"http:\/\/blog.bib.uni-mannheim.de\/Aktuelles\/?p=5848\"><img loading=\"lazy\" decoding=\"async\" class=\"alignleft size-full wp-image-5860\" title=\"ZwischenKunst_02\" src=\"http:\/\/blog.bib.uni-mannheim.de\/Aktuelles\/wp-content\/uploads\/2012\/07\/ZwischenKunst_02.jpg\" alt=\"\" width=\"192\" height=\"179\" \/><\/a><\/p>\n","protected":false},"excerpt":{"rendered":"<p>Die Universit\u00e4tsbibliothek l\u00e4dt ein zur Vernissage von Zwischen KUNST &gt; am Donnerstag, 26. Juli um 14 Uhr &gt; im Schloss Westfl\u00fcgel, EG &gt; in das Ausweichquartier des Bibliotheksbereiches A3 Lassen Sie sich verzaubern von der Atmosph\u00e4re, die seit dem Start &hellip; <a href=\"https:\/\/blog.bib.uni-mannheim.de\/Aktuelles\/?p=5848\">Weiterlesen <span class=\"meta-nav\">&rarr;<\/span><\/a><\/p>\n","protected":false},"author":19,"featured_media":0,"comment_status":"open","ping_status":"open","sticky":false,"template":"","format":"standard","meta":{"footnotes":""},"categories":[9,8],"tags":[],"class_list":["post-5848","post","type-post","status-publish","format-standard","hentry","category-aus-den-bereichen","category-veranstaltungen"],"views":4967,"_links":{"self":[{"href":"https:\/\/blog.bib.uni-mannheim.de\/Aktuelles\/index.php?rest_route=\/wp\/v2\/posts\/5848","targetHints":{"allow":["GET"]}}],"collection":[{"href":"https:\/\/blog.bib.uni-mannheim.de\/Aktuelles\/index.php?rest_route=\/wp\/v2\/posts"}],"about":[{"href":"https:\/\/blog.bib.uni-mannheim.de\/Aktuelles\/index.php?rest_route=\/wp\/v2\/types\/post"}],"author":[{"embeddable":true,"href":"https:\/\/blog.bib.uni-mannheim.de\/Aktuelles\/index.php?rest_route=\/wp\/v2\/users\/19"}],"replies":[{"embeddable":true,"href":"https:\/\/blog.bib.uni-mannheim.de\/Aktuelles\/index.php?rest_route=%2Fwp%2Fv2%2Fcomments&post=5848"}],"version-history":[{"count":0,"href":"https:\/\/blog.bib.uni-mannheim.de\/Aktuelles\/index.php?rest_route=\/wp\/v2\/posts\/5848\/revisions"}],"wp:attachment":[{"href":"https:\/\/blog.bib.uni-mannheim.de\/Aktuelles\/index.php?rest_route=%2Fwp%2Fv2%2Fmedia&parent=5848"}],"wp:term":[{"taxonomy":"category","embeddable":true,"href":"https:\/\/blog.bib.uni-mannheim.de\/Aktuelles\/index.php?rest_route=%2Fwp%2Fv2%2Fcategories&post=5848"},{"taxonomy":"post_tag","embeddable":true,"href":"https:\/\/blog.bib.uni-mannheim.de\/Aktuelles\/index.php?rest_route=%2Fwp%2Fv2%2Ftags&post=5848"}],"curies":[{"name":"wp","href":"https:\/\/api.w.org\/{rel}","templated":true}]}}