{"id":618,"date":"2009-04-06T08:45:54","date_gmt":"2009-04-06T07:45:54","guid":{"rendered":"http:\/\/blog.bib.uni-mannheim.de\/Aktuelles\/?p=618"},"modified":"2009-08-04T07:55:05","modified_gmt":"2009-08-04T06:55:05","slug":"vortrag-einsatz-von-podcasts-in-der-lehre","status":"publish","type":"post","link":"https:\/\/blog.bib.uni-mannheim.de\/Aktuelles\/?p=618","title":{"rendered":"Vortrag: Einsatz von Podcasts in der Lehre"},"content":{"rendered":"<p><strong><em>Update (24.04.2009): Die Folien des Vortrags stehen auf der Website des <a href=\"http:\/\/www.bib.uni-mannheim.de\/1049.html\" target=\"_blank\">Multimedia-Zentrums<\/a>  zum Download zur Verf\u00fcgung.<\/em><\/strong><\/p>\n<p><img decoding=\"async\" align=\"left\" alt=\"e-learning-logo.gif\" id=\"image544\" title=\"e-learning-logo.gif\" src=\"http:\/\/blog.bib.uni-mannheim.de\/Aktuelles\/wp-content\/uploads\/e-learning-logo.gif\" \/>Im Rahmen der <a target=\"_blank\" href=\"http:\/\/www.bib.uni-mannheim.de\/1049.html\">Veranstaltungsreihe E-Learning<\/a> l\u00e4dt Sie das <a title=\"mmz\" target=\"_blank\" href=\"http:\/\/www.bib.uni-mannheim.de\/1048.html\">Multimedia-Zentrum<\/a> herzlich zu folgendem Vortrag ein:<\/p>\n<p>Vortrag: <strong>&#8222;Einsatz von Podcasts in der Lehre<\/strong><strong>&#8222;<\/strong><br \/>\nTermin: <strong>23.04.09, 15:30 Uhr -17:00 Uhr &#8211;   Carolin Weinmann, Angela Leichtwei\u00df<\/strong><br \/>\nOrt: <strong>Senatssaal <a class=\"external-link-new-window\" target=\"_blank\" title=\"\u00d6ffnet einen externen Link in einem neuen Fenster\" href=\"http:\/\/maps.google.com\/maps\/ms?ie=UTF8&#038;hl=de&#038;msa=0&#038;ll=49.483259,8.46356&#038;spn=0.002474,0.004828&#038;t=h&#038;z=18&#038;msid=109619360240830653754.00045a6320d062a054b10\">(O 26-28)<\/a><\/strong><\/p>\n<p>Was sind Podcasts? Vereinfacht gesagt: Podcasts sind online verf\u00fcgbare, in der Regel kostenlos nutzbare Audio- oder Videodateien. Sie werden im Internet in einer gro\u00dfen inhaltlichen Bandbreite angeboten und lassen sich in verschiedenen Kontexten in der Hochschullehre sinnvoll einsetzen. Das Angebot reicht von Nachrichten-Aufzeichnungen in verschiedenen Sprachen und Politiker-Podcasts \u00fcber themenspezifische Produktionen (z.B. Jura-Podcasts) bis hin zu speziell zum Lernen produzieren H\u00f6r- bzw. Videobeitr\u00e4gen (z.B. Sprachlern-Podcasts).<\/p>\n<p>Der Vortrag setzt zwei Schwerpunkte: Zum einen erfolgt eine Einf\u00fchrung in die Grundlagen, zum anderen werden verschiedene Einsatzm\u00f6glichkeiten f\u00fcr Podcasts im Hochschulumfeld &#8211; z.B. in der Sprachlehre &#8211; vorgestellt.<\/p>\n<p><strong>Anmeldung bitte bis 20.04.2009   <\/strong><\/p>\n","protected":false},"excerpt":{"rendered":"<p>Update (24.04.2009): Die Folien des Vortrags stehen auf der Website des Multimedia-Zentrums zum Download zur Verf\u00fcgung. Im Rahmen der Veranstaltungsreihe E-Learning l\u00e4dt Sie das Multimedia-Zentrum herzlich zu folgendem Vortrag ein: Vortrag: &#8222;Einsatz von Podcasts in der Lehre&#8222; Termin: 23.04.09, 15:30 &hellip; <a href=\"https:\/\/blog.bib.uni-mannheim.de\/Aktuelles\/?p=618\">Weiterlesen <span class=\"meta-nav\">&rarr;<\/span><\/a><\/p>\n","protected":false},"author":20,"featured_media":0,"comment_status":"open","ping_status":"open","sticky":false,"template":"","format":"standard","meta":{"footnotes":""},"categories":[2,8],"tags":[],"class_list":["post-618","post","type-post","status-publish","format-standard","hentry","category-services","category-veranstaltungen"],"views":21563,"_links":{"self":[{"href":"https:\/\/blog.bib.uni-mannheim.de\/Aktuelles\/index.php?rest_route=\/wp\/v2\/posts\/618","targetHints":{"allow":["GET"]}}],"collection":[{"href":"https:\/\/blog.bib.uni-mannheim.de\/Aktuelles\/index.php?rest_route=\/wp\/v2\/posts"}],"about":[{"href":"https:\/\/blog.bib.uni-mannheim.de\/Aktuelles\/index.php?rest_route=\/wp\/v2\/types\/post"}],"author":[{"embeddable":true,"href":"https:\/\/blog.bib.uni-mannheim.de\/Aktuelles\/index.php?rest_route=\/wp\/v2\/users\/20"}],"replies":[{"embeddable":true,"href":"https:\/\/blog.bib.uni-mannheim.de\/Aktuelles\/index.php?rest_route=%2Fwp%2Fv2%2Fcomments&post=618"}],"version-history":[{"count":0,"href":"https:\/\/blog.bib.uni-mannheim.de\/Aktuelles\/index.php?rest_route=\/wp\/v2\/posts\/618\/revisions"}],"wp:attachment":[{"href":"https:\/\/blog.bib.uni-mannheim.de\/Aktuelles\/index.php?rest_route=%2Fwp%2Fv2%2Fmedia&parent=618"}],"wp:term":[{"taxonomy":"category","embeddable":true,"href":"https:\/\/blog.bib.uni-mannheim.de\/Aktuelles\/index.php?rest_route=%2Fwp%2Fv2%2Fcategories&post=618"},{"taxonomy":"post_tag","embeddable":true,"href":"https:\/\/blog.bib.uni-mannheim.de\/Aktuelles\/index.php?rest_route=%2Fwp%2Fv2%2Ftags&post=618"}],"curies":[{"name":"wp","href":"https:\/\/api.w.org\/{rel}","templated":true}]}}