{"id":632,"date":"2009-04-29T15:36:51","date_gmt":"2009-04-29T14:36:51","guid":{"rendered":"http:\/\/blog.bib.uni-mannheim.de\/Aktuelles\/?p=632"},"modified":"2009-12-22T11:33:59","modified_gmt":"2009-12-22T10:33:59","slug":"langer-geoffnet-ab-11-mai","status":"publish","type":"post","link":"https:\/\/blog.bib.uni-mannheim.de\/Aktuelles\/?p=632","title":{"rendered":"L\u00e4nger ge\u00f6ffnet ab 11. Mai"},"content":{"rendered":"<p>In der Pr\u00fcfungszeit <strong>vom 11. Mai bis zum 19. Juni<\/strong> haben die vier Bibliotheksbereiche <a href=\"http:\/\/www.bib.uni-mannheim.de\/68.html\"><strong>A3<\/strong><\/a>, <a href=\"http:\/\/www.bib.uni-mannheim.de\/69.html\"><strong>A5<\/strong><\/a>, <a href=\"http:\/\/www.bib.uni-mannheim.de\/72.html\"><strong>Schloss Westfl\u00fcgel &#8211; BWL<\/strong><\/a> und <a href=\"http:\/\/www.bib.uni-mannheim.de\/70.html\"><strong>Schloss Ehrenhof &#8211; Hasso-Plattner-Bibliothek<\/strong><\/a> t\u00e4glich von <strong>8 Uhr fr\u00fch bis 2 Uhr nachts<\/strong> ge\u00f6ffnet. Dies gilt auch an Wochenenden und Feiertagen.<\/p>\n<p>Ab <strong>20. Juni<\/strong> schlie\u00dfen die Bibliotheksbereiche dann wieder um <strong>24 Uhr<\/strong>. Bis zum 30. August ist <strong>an den Wochenenden weiterhin bereits ab 8 Uhr<\/strong> ge\u00f6ffnet.<\/p>\n","protected":false},"excerpt":{"rendered":"<p>In der Pr\u00fcfungszeit vom 11. Mai bis zum 19. Juni haben die vier Bibliotheksbereiche A3, A5, Schloss Westfl\u00fcgel &#8211; BWL und Schloss Ehrenhof &#8211; Hasso-Plattner-Bibliothek t\u00e4glich von 8 Uhr fr\u00fch bis 2 Uhr nachts ge\u00f6ffnet. Dies gilt auch an Wochenenden &hellip; <a href=\"https:\/\/blog.bib.uni-mannheim.de\/Aktuelles\/?p=632\">Weiterlesen <span class=\"meta-nav\">&rarr;<\/span><\/a><\/p>\n","protected":false},"author":19,"featured_media":0,"comment_status":"open","ping_status":"open","sticky":false,"template":"","format":"standard","meta":{"footnotes":""},"categories":[9,20,2],"tags":[],"class_list":["post-632","post","type-post","status-publish","format-standard","hentry","category-aus-den-bereichen","category-oeffnungszeiten","category-services"],"views":8887,"_links":{"self":[{"href":"https:\/\/blog.bib.uni-mannheim.de\/Aktuelles\/index.php?rest_route=\/wp\/v2\/posts\/632","targetHints":{"allow":["GET"]}}],"collection":[{"href":"https:\/\/blog.bib.uni-mannheim.de\/Aktuelles\/index.php?rest_route=\/wp\/v2\/posts"}],"about":[{"href":"https:\/\/blog.bib.uni-mannheim.de\/Aktuelles\/index.php?rest_route=\/wp\/v2\/types\/post"}],"author":[{"embeddable":true,"href":"https:\/\/blog.bib.uni-mannheim.de\/Aktuelles\/index.php?rest_route=\/wp\/v2\/users\/19"}],"replies":[{"embeddable":true,"href":"https:\/\/blog.bib.uni-mannheim.de\/Aktuelles\/index.php?rest_route=%2Fwp%2Fv2%2Fcomments&post=632"}],"version-history":[{"count":0,"href":"https:\/\/blog.bib.uni-mannheim.de\/Aktuelles\/index.php?rest_route=\/wp\/v2\/posts\/632\/revisions"}],"wp:attachment":[{"href":"https:\/\/blog.bib.uni-mannheim.de\/Aktuelles\/index.php?rest_route=%2Fwp%2Fv2%2Fmedia&parent=632"}],"wp:term":[{"taxonomy":"category","embeddable":true,"href":"https:\/\/blog.bib.uni-mannheim.de\/Aktuelles\/index.php?rest_route=%2Fwp%2Fv2%2Fcategories&post=632"},{"taxonomy":"post_tag","embeddable":true,"href":"https:\/\/blog.bib.uni-mannheim.de\/Aktuelles\/index.php?rest_route=%2Fwp%2Fv2%2Ftags&post=632"}],"curies":[{"name":"wp","href":"https:\/\/api.w.org\/{rel}","templated":true}]}}