{"id":7679,"date":"2013-06-17T11:59:49","date_gmt":"2013-06-17T09:59:49","guid":{"rendered":"http:\/\/blog.bib.uni-mannheim.de\/Aktuelles\/?p=7679"},"modified":"2013-09-02T17:08:49","modified_gmt":"2013-09-02T15:08:49","slug":"ende-der-heisen-semester-phase","status":"publish","type":"post","link":"https:\/\/blog.bib.uni-mannheim.de\/Aktuelles\/?p=7679","title":{"rendered":"Ende der &#8222;hei\u00dfen&#8220; Semester-Phase"},"content":{"rendered":"<p>Zeitgleich mit den ersten hei\u00dfen Sommertagen in Mannheim <strong>endete<\/strong> in der <a href=\"http:\/\/www.bib.uni-mannheim.de\/\" target=\"_blank\">Universit\u00e4tsbibliothek<\/a> <strong>gestern Nacht die &#8222;hei\u00dfe Semesterphase&#8220;<\/strong> und wir kehren <strong>mit einer Ausnahme von den\u00a0 verl\u00e4ngerten zu den regul\u00e4ren \u00d6ffnungszeiten der Bibliotheksbereiche<\/strong><a href=\"http:\/\/www.bib.uni-mannheim.de\/68.html?&amp;L=0\" target=\"_blank\"> A3<\/a>, <a href=\"http:\/\/www.bib.uni-mannheim.de\/69.html?&amp;L=0\" target=\"_blank\">A5<\/a>, <a href=\"http:\/\/www.bib.uni-mannheim.de\/1132.html?&amp;L=0\" target=\"_blank\">Schloss Schneckenhof S\u00fcd<\/a> und <a href=\"http:\/\/www.bib.uni-mannheim.de\/70.html?&amp;L=0\" target=\"_blank\">Schloss Ehrenhof<\/a><strong> zur\u00fcck:<\/strong><\/p>\n<p><a href=\" http:\/\/blog.bib.uni-mannheim.de\/Aktuelles\/?p=7679\"><img loading=\"lazy\" decoding=\"async\" class=\"alignright  wp-image-7693\" title=\"Sonne\" alt=\"\" src=\"http:\/\/blog.bib.uni-mannheim.de\/Aktuelles\/wp-content\/uploads\/2013\/06\/Sonne2-150x150.jpg\" width=\"150\" height=\"150\" \/><\/a><\/p>\n<ul>\n<li><strong>Mo-Fr 8.00 Uhr bis 24.00<\/strong><strong>Uhr<\/strong><\/li>\n<\/ul>\n<ul>\n<li><strong>Sa, So und feiertags 10.00 Uhr bis 24.00 Uhr<\/strong><\/li>\n<\/ul>\n<p><strong>Die Ausnahme<\/strong><strong><\/strong>: der <a href=\"http:\/\/www.bib.uni-mannheim.de\/index.php?id=70\" target=\"_blank\">Bibliotheksbereich Schloss Ehrenhof <\/a><strong>\u00f6ffnet bis zum 01.09. 2013 am Wochenende weiterhin\u00a0 bereits ab 8.00 Uhr<\/strong>.<\/p>\n<p>&nbsp;<\/p>\n<p><strong>Egal ob Pr\u00fcfungen, Praktika oder der verdiente Urlaub anstehen &#8211;<\/strong> <strong>wir w\u00fcnschen allen einen sch\u00f6nen, sonnigen Sommer!\u00a0 \u00a0<\/strong><\/p>\n","protected":false},"excerpt":{"rendered":"<p>Zeitgleich mit den ersten hei\u00dfen Sommertagen in Mannheim endete in der Universit\u00e4tsbibliothek gestern Nacht die &#8222;hei\u00dfe Semesterphase&#8220; und wir kehren mit einer Ausnahme von den\u00a0 verl\u00e4ngerten zu den regul\u00e4ren \u00d6ffnungszeiten der Bibliotheksbereiche A3, A5, Schloss Schneckenhof S\u00fcd und Schloss Ehrenhof &hellip; <a href=\"https:\/\/blog.bib.uni-mannheim.de\/Aktuelles\/?p=7679\">Weiterlesen <span class=\"meta-nav\">&rarr;<\/span><\/a><\/p>\n","protected":false},"author":27,"featured_media":0,"comment_status":"open","ping_status":"open","sticky":false,"template":"","format":"standard","meta":{"footnotes":""},"categories":[9,20],"tags":[],"class_list":["post-7679","post","type-post","status-publish","format-standard","hentry","category-aus-den-bereichen","category-oeffnungszeiten"],"views":3747,"_links":{"self":[{"href":"https:\/\/blog.bib.uni-mannheim.de\/Aktuelles\/index.php?rest_route=\/wp\/v2\/posts\/7679","targetHints":{"allow":["GET"]}}],"collection":[{"href":"https:\/\/blog.bib.uni-mannheim.de\/Aktuelles\/index.php?rest_route=\/wp\/v2\/posts"}],"about":[{"href":"https:\/\/blog.bib.uni-mannheim.de\/Aktuelles\/index.php?rest_route=\/wp\/v2\/types\/post"}],"author":[{"embeddable":true,"href":"https:\/\/blog.bib.uni-mannheim.de\/Aktuelles\/index.php?rest_route=\/wp\/v2\/users\/27"}],"replies":[{"embeddable":true,"href":"https:\/\/blog.bib.uni-mannheim.de\/Aktuelles\/index.php?rest_route=%2Fwp%2Fv2%2Fcomments&post=7679"}],"version-history":[{"count":0,"href":"https:\/\/blog.bib.uni-mannheim.de\/Aktuelles\/index.php?rest_route=\/wp\/v2\/posts\/7679\/revisions"}],"wp:attachment":[{"href":"https:\/\/blog.bib.uni-mannheim.de\/Aktuelles\/index.php?rest_route=%2Fwp%2Fv2%2Fmedia&parent=7679"}],"wp:term":[{"taxonomy":"category","embeddable":true,"href":"https:\/\/blog.bib.uni-mannheim.de\/Aktuelles\/index.php?rest_route=%2Fwp%2Fv2%2Fcategories&post=7679"},{"taxonomy":"post_tag","embeddable":true,"href":"https:\/\/blog.bib.uni-mannheim.de\/Aktuelles\/index.php?rest_route=%2Fwp%2Fv2%2Ftags&post=7679"}],"curies":[{"name":"wp","href":"https:\/\/api.w.org\/{rel}","templated":true}]}}