{"id":7872,"date":"2013-07-22T10:12:05","date_gmt":"2013-07-22T08:12:05","guid":{"rendered":"http:\/\/blog.bib.uni-mannheim.de\/Aktuelles\/?p=7872"},"modified":"2013-08-09T12:12:50","modified_gmt":"2013-08-09T10:12:50","slug":"schliesung-der-bibliotheksbereiche-im-schloss-am-27-7-2013","status":"publish","type":"post","link":"https:\/\/blog.bib.uni-mannheim.de\/Aktuelles\/?p=7872","title":{"rendered":"Schlie\u00dfung der Bibliotheksbereiche im Schloss am 27.7.2013"},"content":{"rendered":"<p><strong><a href=\"http:\/\/blog.bib.uni-mannheim.de\/Aktuelles\/?p=7872\"><img loading=\"lazy\" decoding=\"async\" class=\"alignright  wp-image-7880\" title=\"konzert\" alt=\"\" src=\"http:\/\/blog.bib.uni-mannheim.de\/Aktuelles\/wp-content\/uploads\/2013\/07\/konzert.jpg\" width=\"98\" height=\"90\" \/><\/a>Am Samstag, den 27. Juli 2013<\/strong> m\u00fcssen <strong>s\u00e4mtliche Bibliotheksbereiche im Schloss<\/strong> (<a href=\"http:\/\/www.bib.uni-mannheim.de\/70.html\" target=\"_blank\">Schloss Ehrenhof &#8211; Hasso-Plattner-Bibliothek<\/a> und <a href=\"http:\/\/www.bib.uni-mannheim.de\/1132.html\" target=\"_blank\">Schloss Schneckenhof, S\u00fcd &#8211; BWL und West &#8211; Ausleihe<\/a>) wegen einer <a href=\"http:\/\/www.unheilig.com\/unheilig\/termine-live\/view\/_Unheilig_Special_Guest_-_Das_Open_Air\/dl_id:2981\" target=\"_blank\">Konzertveranstaltung<\/a> <strong>geschlossen<\/strong> werden.<\/p>\n<p>&nbsp;<\/p>\n<p>Die Bibliotheksbereiche <a href=\"http:\/\/www.bib.uni-mannheim.de\/68.html\" target=\"_blank\">A3<\/a> und <a href=\"http:\/\/www.bib.uni-mannheim.de\/69.html\" target=\"_blank\">A5<\/a> haben wie gewohnt bis 24 Uhr ge\u00f6ffnet.<\/p>\n","protected":false},"excerpt":{"rendered":"<p>Am Samstag, den 27. Juli 2013 m\u00fcssen s\u00e4mtliche Bibliotheksbereiche im Schloss (Schloss Ehrenhof &#8211; Hasso-Plattner-Bibliothek und Schloss Schneckenhof, S\u00fcd &#8211; BWL und West &#8211; Ausleihe) wegen einer Konzertveranstaltung geschlossen werden. &nbsp; Die Bibliotheksbereiche A3 und A5 haben wie gewohnt bis &hellip; <a href=\"https:\/\/blog.bib.uni-mannheim.de\/Aktuelles\/?p=7872\">Weiterlesen <span class=\"meta-nav\">&rarr;<\/span><\/a><\/p>\n","protected":false},"author":19,"featured_media":0,"comment_status":"open","ping_status":"open","sticky":false,"template":"","format":"standard","meta":{"footnotes":""},"categories":[20,12],"tags":[],"class_list":["post-7872","post","type-post","status-publish","format-standard","hentry","category-oeffnungszeiten","category-campus"],"views":4268,"_links":{"self":[{"href":"https:\/\/blog.bib.uni-mannheim.de\/Aktuelles\/index.php?rest_route=\/wp\/v2\/posts\/7872","targetHints":{"allow":["GET"]}}],"collection":[{"href":"https:\/\/blog.bib.uni-mannheim.de\/Aktuelles\/index.php?rest_route=\/wp\/v2\/posts"}],"about":[{"href":"https:\/\/blog.bib.uni-mannheim.de\/Aktuelles\/index.php?rest_route=\/wp\/v2\/types\/post"}],"author":[{"embeddable":true,"href":"https:\/\/blog.bib.uni-mannheim.de\/Aktuelles\/index.php?rest_route=\/wp\/v2\/users\/19"}],"replies":[{"embeddable":true,"href":"https:\/\/blog.bib.uni-mannheim.de\/Aktuelles\/index.php?rest_route=%2Fwp%2Fv2%2Fcomments&post=7872"}],"version-history":[{"count":0,"href":"https:\/\/blog.bib.uni-mannheim.de\/Aktuelles\/index.php?rest_route=\/wp\/v2\/posts\/7872\/revisions"}],"wp:attachment":[{"href":"https:\/\/blog.bib.uni-mannheim.de\/Aktuelles\/index.php?rest_route=%2Fwp%2Fv2%2Fmedia&parent=7872"}],"wp:term":[{"taxonomy":"category","embeddable":true,"href":"https:\/\/blog.bib.uni-mannheim.de\/Aktuelles\/index.php?rest_route=%2Fwp%2Fv2%2Fcategories&post=7872"},{"taxonomy":"post_tag","embeddable":true,"href":"https:\/\/blog.bib.uni-mannheim.de\/Aktuelles\/index.php?rest_route=%2Fwp%2Fv2%2Ftags&post=7872"}],"curies":[{"name":"wp","href":"https:\/\/api.w.org\/{rel}","templated":true}]}}