{"id":7893,"date":"2013-07-26T10:30:49","date_gmt":"2013-07-26T08:30:49","guid":{"rendered":"http:\/\/blog.bib.uni-mannheim.de\/Aktuelles\/?p=7893"},"modified":"2013-08-09T12:12:23","modified_gmt":"2013-08-09T10:12:23","slug":"fernleih-recherche-eingeschrankt-am-montag-den-29-7-2013","status":"publish","type":"post","link":"https:\/\/blog.bib.uni-mannheim.de\/Aktuelles\/?p=7893","title":{"rendered":"Fernleih-Recherche eingeschr\u00e4nkt am Montag, den 29.7.2013"},"content":{"rendered":"<p>Am Montag, den 29.7.2013, wird die Fernleih-Recherche \u00fcber Primo voraussichtlich bis ca. 16:00 Uhr nicht m\u00f6glich sein. W\u00e4hrend dieser Zeit k\u00f6nnen aber weiterhin Fernleih-Bestellungen \u00fcber das freie <a href=\"http:\/\/www.bib.uni-mannheim.de\/cgi-bin\/infocenter\/ill2.pl\" target=\"_blank\">Eingabeformular<\/a> aufgegeben werden.<\/p>\n","protected":false},"excerpt":{"rendered":"<p>Am Montag, den 29.7.2013, wird die Fernleih-Recherche \u00fcber Primo voraussichtlich bis ca. 16:00 Uhr nicht m\u00f6glich sein. W\u00e4hrend dieser Zeit k\u00f6nnen aber weiterhin Fernleih-Bestellungen \u00fcber das freie Eingabeformular aufgegeben werden.<\/p>\n","protected":false},"author":12,"featured_media":0,"comment_status":"open","ping_status":"open","sticky":false,"template":"","format":"standard","meta":{"footnotes":""},"categories":[3],"tags":[],"class_list":["post-7893","post","type-post","status-publish","format-standard","hentry","category-elektronischeangebote"],"views":2967,"_links":{"self":[{"href":"https:\/\/blog.bib.uni-mannheim.de\/Aktuelles\/index.php?rest_route=\/wp\/v2\/posts\/7893","targetHints":{"allow":["GET"]}}],"collection":[{"href":"https:\/\/blog.bib.uni-mannheim.de\/Aktuelles\/index.php?rest_route=\/wp\/v2\/posts"}],"about":[{"href":"https:\/\/blog.bib.uni-mannheim.de\/Aktuelles\/index.php?rest_route=\/wp\/v2\/types\/post"}],"author":[{"embeddable":true,"href":"https:\/\/blog.bib.uni-mannheim.de\/Aktuelles\/index.php?rest_route=\/wp\/v2\/users\/12"}],"replies":[{"embeddable":true,"href":"https:\/\/blog.bib.uni-mannheim.de\/Aktuelles\/index.php?rest_route=%2Fwp%2Fv2%2Fcomments&post=7893"}],"version-history":[{"count":0,"href":"https:\/\/blog.bib.uni-mannheim.de\/Aktuelles\/index.php?rest_route=\/wp\/v2\/posts\/7893\/revisions"}],"wp:attachment":[{"href":"https:\/\/blog.bib.uni-mannheim.de\/Aktuelles\/index.php?rest_route=%2Fwp%2Fv2%2Fmedia&parent=7893"}],"wp:term":[{"taxonomy":"category","embeddable":true,"href":"https:\/\/blog.bib.uni-mannheim.de\/Aktuelles\/index.php?rest_route=%2Fwp%2Fv2%2Fcategories&post=7893"},{"taxonomy":"post_tag","embeddable":true,"href":"https:\/\/blog.bib.uni-mannheim.de\/Aktuelles\/index.php?rest_route=%2Fwp%2Fv2%2Ftags&post=7893"}],"curies":[{"name":"wp","href":"https:\/\/api.w.org\/{rel}","templated":true}]}}