{"id":825,"date":"2009-09-25T15:03:53","date_gmt":"2009-09-25T14:03:53","guid":{"rendered":"http:\/\/blog.bib.uni-mannheim.de\/Aktuelles\/?p=825"},"modified":"2009-12-22T11:27:25","modified_gmt":"2009-12-22T10:27:25","slug":"rucknahme-der-verlangerten-offnungszeiten-an-wochenenden","status":"publish","type":"post","link":"https:\/\/blog.bib.uni-mannheim.de\/Aktuelles\/?p=825","title":{"rendered":"R\u00fccknahme der verl\u00e4ngerten \u00d6ffnungszeiten an Wochenenden"},"content":{"rendered":"<p>[update 10.11.2009]  <a title=\"oez verlaengert\" href=\"http:\/\/blog.bib.uni-mannheim.de\/Aktuelles\/?p=970\" target=\"_blank\"><strong>Verl\u00e4ngerte \u00d6ffungszeiten in der hei\u00dfen Semesterphase<\/strong><\/a> gibt es nun jeweils in den letzten vier Wochen der Vorlesungszeit sowie  in den ersten beiden Wochen der vorlesungsfreien Zeit.<\/p>\n<p><strong>Ab Samstag, 3. Oktober 2009<\/strong> muss die UB an <strong>Wochenenden und Feiertagen<\/strong> in den Bibliotheksbereichen <strong><a title=\"oez A3\" href=\"http:\/\/www.bib.uni-mannheim.de\/629.html\" target=\"_blank\">A3<\/a>, <a title=\"oez A5\" href=\"http:\/\/www.bib.uni-mannheim.de\/647.html\" target=\"_blank\">A5<\/a>, <a title=\"oez bbse\" href=\"http:\/\/www.bib.uni-mannheim.de\/557.html\" target=\"_blank\">Schloss Ehrenhof <\/a><\/strong>und<strong> <a title=\"oez bbbwl\" href=\"http:\/\/www.bib.uni-mannheim.de\/578.html\" target=\"_blank\">Betriebswirtschaftlehre<\/a><\/strong> zu den <strong>alten \u00d6ffnungszeiten<\/strong> zur\u00fcckkehren, da eine Finanzierung f\u00fcr die fr\u00fchere \u00d6ffnung ab 8 Uhr aus Studiengeb\u00fchren nicht sichergestellt ist.<\/p>\n<p><strong><a title=\"uebersicht oez\" href=\"http:\/\/www.bib.uni-mannheim.de\/88.html\" target=\"_blank\">\u00d6ffnungszeiten<\/a> der Bibliotheksbereiche  ab 3. Oktober:<\/strong><br \/>\n<strong> Montag &#8211; Freitag: 8 Uhr &#8211; 24 Uhr<br \/>\nSamstag, Sonntag, Feiertag: 10 Uhr &#8211; 24 Uhr<\/strong><\/p>\n","protected":false},"excerpt":{"rendered":"<p>[update 10.11.2009] Verl\u00e4ngerte \u00d6ffungszeiten in der hei\u00dfen Semesterphase gibt es nun jeweils in den letzten vier Wochen der Vorlesungszeit sowie in den ersten beiden Wochen der vorlesungsfreien Zeit. Ab Samstag, 3. Oktober 2009 muss die UB an Wochenenden und Feiertagen &hellip; <a href=\"https:\/\/blog.bib.uni-mannheim.de\/Aktuelles\/?p=825\">Weiterlesen <span class=\"meta-nav\">&rarr;<\/span><\/a><\/p>\n","protected":false},"author":19,"featured_media":0,"comment_status":"open","ping_status":"open","sticky":false,"template":"","format":"standard","meta":{"footnotes":""},"categories":[9,20,13,2],"tags":[],"class_list":["post-825","post","type-post","status-publish","format-standard","hentry","category-aus-den-bereichen","category-oeffnungszeiten","category-projekte-aus-studiengebuhren","category-services"],"views":20923,"_links":{"self":[{"href":"https:\/\/blog.bib.uni-mannheim.de\/Aktuelles\/index.php?rest_route=\/wp\/v2\/posts\/825","targetHints":{"allow":["GET"]}}],"collection":[{"href":"https:\/\/blog.bib.uni-mannheim.de\/Aktuelles\/index.php?rest_route=\/wp\/v2\/posts"}],"about":[{"href":"https:\/\/blog.bib.uni-mannheim.de\/Aktuelles\/index.php?rest_route=\/wp\/v2\/types\/post"}],"author":[{"embeddable":true,"href":"https:\/\/blog.bib.uni-mannheim.de\/Aktuelles\/index.php?rest_route=\/wp\/v2\/users\/19"}],"replies":[{"embeddable":true,"href":"https:\/\/blog.bib.uni-mannheim.de\/Aktuelles\/index.php?rest_route=%2Fwp%2Fv2%2Fcomments&post=825"}],"version-history":[{"count":0,"href":"https:\/\/blog.bib.uni-mannheim.de\/Aktuelles\/index.php?rest_route=\/wp\/v2\/posts\/825\/revisions"}],"wp:attachment":[{"href":"https:\/\/blog.bib.uni-mannheim.de\/Aktuelles\/index.php?rest_route=%2Fwp%2Fv2%2Fmedia&parent=825"}],"wp:term":[{"taxonomy":"category","embeddable":true,"href":"https:\/\/blog.bib.uni-mannheim.de\/Aktuelles\/index.php?rest_route=%2Fwp%2Fv2%2Fcategories&post=825"},{"taxonomy":"post_tag","embeddable":true,"href":"https:\/\/blog.bib.uni-mannheim.de\/Aktuelles\/index.php?rest_route=%2Fwp%2Fv2%2Ftags&post=825"}],"curies":[{"name":"wp","href":"https:\/\/api.w.org\/{rel}","templated":true}]}}