{"id":9608,"date":"2014-05-26T15:33:55","date_gmt":"2014-05-26T13:33:55","guid":{"rendered":"http:\/\/blog.bib.uni-mannheim.de\/Aktuelles\/?p=9608"},"modified":"2014-07-23T09:32:52","modified_gmt":"2014-07-23T07:32:52","slug":"learning-center-der-universitaetsbibliothek-offiziell-eroeffnet","status":"publish","type":"post","link":"https:\/\/blog.bib.uni-mannheim.de\/Aktuelles\/?p=9608","title":{"rendered":"Learning Center der Universit\u00e4tsbibliothek offiziell er\u00f6ffnet"},"content":{"rendered":"<p><a href=\"http:\/\/blog.bib.uni-mannheim.de\/Aktuelles\/?p=9608\"><img loading=\"lazy\" decoding=\"async\" class=\"alignleft  wp-image-9610\" src=\"http:\/\/blog.bib.uni-mannheim.de\/Aktuelles\/wp-content\/uploads\/2014\/05\/learning_center_Eroeffnung_Eckkrammer_Benz_Usinger_neu.jpg\" alt=\"learning_center_Eroeffnung_Eckkrammer_Benz_Usinger_neu\" width=\"338\" height=\"233\" srcset=\"https:\/\/blog.bib.uni-mannheim.de\/Aktuelles\/wp-content\/uploads\/2014\/05\/learning_center_Eroeffnung_Eckkrammer_Benz_Usinger_neu.jpg 960w, https:\/\/blog.bib.uni-mannheim.de\/Aktuelles\/wp-content\/uploads\/2014\/05\/learning_center_Eroeffnung_Eckkrammer_Benz_Usinger_neu-300x207.jpg 300w\" sizes=\"auto, (max-width: 338px) 100vw, 338px\" \/><\/a><a href=\"http:\/\/blog.bib.uni-mannheim.de\/Aktuelles\/?p=9608\"><img loading=\"lazy\" decoding=\"async\" class=\"alignleft wp-image-9617\" src=\"http:\/\/blog.bib.uni-mannheim.de\/Aktuelles\/wp-content\/uploads\/2014\/05\/learning_center_Eroeffnung_Publikum.jpg\" alt=\"learning_center_Eroeffnung_Publikum\" width=\"338\" height=\"233\" srcset=\"https:\/\/blog.bib.uni-mannheim.de\/Aktuelles\/wp-content\/uploads\/2014\/05\/learning_center_Eroeffnung_Publikum.jpg 960w, https:\/\/blog.bib.uni-mannheim.de\/Aktuelles\/wp-content\/uploads\/2014\/05\/learning_center_Eroeffnung_Publikum-300x207.jpg 300w\" sizes=\"auto, (max-width: 338px) 100vw, 338px\" \/><\/a><\/p>\n<p>&nbsp;<\/p>\n<p><strong>Heute &#8211; am 26. Mai 2014 um 11 Uhr &#8211; fand die offizielle Er\u00f6ffnung des <a href=\"http:\/\/www.bib.uni-mannheim.de\/1278.html\" target=\"_blank\">Learning Centers <\/a>der <a href=\"http:\/\/www.bib.uni-mannheim.de\/\" target=\"_blank\">Universit\u00e4tsbibliothek Mannheim<\/a> statt.<\/strong><\/p>\n<p>&nbsp;<\/p>\n<p>Prorektorin Prof. Dr. <strong>Eva Eckkrammer<\/strong> und\u00a0 Bibliotheksdirektor<strong> Christian Benz<\/strong> dankten allen Beteiligten von Rektorat \u00fcber Bauamt und Rechenzentrum bis hin zu den Studierenden und Sponsoren f\u00fcr die unkomplizierte Umsetzung dieses Projekts in nur vier Monaten.<\/p>\n<p>&nbsp;<\/p>\n<p>Die vollkommen neuartige Konzeption f\u00fcr das Learning Center wurde von den <strong>Studierenden<\/strong> und der <strong>Bibliothek<\/strong> zusammen mit dem <strong>Architekturb\u00fcro UKW<\/strong> aus Krefeld unter der Federf\u00fchrung von <strong>Jochen Usinger<\/strong> erstellt.<\/p>\n<p>&nbsp;<\/p>\n<p>Die G\u00e4ste der Er\u00f6ffnungsveranstaltung zeigten sich beeindruckt von den M\u00f6glichkeiten, die den Studierenden nun sowohl technisch als auch von der Lernumgebung her zur Verf\u00fcgung stehen.<\/p>\n<p>&nbsp;<\/p>\n<p>Den Betrieb hatte das Learning Center bereits vor anderthalb Wochen am 14. Mai aufgenommen und wurde umgehend von den begeisterten Studierenden in Beschlag genommen.<\/p>\n","protected":false},"excerpt":{"rendered":"<p>&nbsp; Heute &#8211; am 26. Mai 2014 um 11 Uhr &#8211; fand die offizielle Er\u00f6ffnung des Learning Centers der Universit\u00e4tsbibliothek Mannheim statt. &nbsp; Prorektorin Prof. Dr. Eva Eckkrammer und\u00a0 Bibliotheksdirektor Christian Benz dankten allen Beteiligten von Rektorat \u00fcber Bauamt und &hellip; <a href=\"https:\/\/blog.bib.uni-mannheim.de\/Aktuelles\/?p=9608\">Weiterlesen <span class=\"meta-nav\">&rarr;<\/span><\/a><\/p>\n","protected":false},"author":19,"featured_media":0,"comment_status":"open","ping_status":"open","sticky":false,"template":"","format":"standard","meta":{"footnotes":""},"categories":[9,8],"tags":[],"class_list":["post-9608","post","type-post","status-publish","format-standard","hentry","category-aus-den-bereichen","category-veranstaltungen"],"views":7797,"_links":{"self":[{"href":"https:\/\/blog.bib.uni-mannheim.de\/Aktuelles\/index.php?rest_route=\/wp\/v2\/posts\/9608","targetHints":{"allow":["GET"]}}],"collection":[{"href":"https:\/\/blog.bib.uni-mannheim.de\/Aktuelles\/index.php?rest_route=\/wp\/v2\/posts"}],"about":[{"href":"https:\/\/blog.bib.uni-mannheim.de\/Aktuelles\/index.php?rest_route=\/wp\/v2\/types\/post"}],"author":[{"embeddable":true,"href":"https:\/\/blog.bib.uni-mannheim.de\/Aktuelles\/index.php?rest_route=\/wp\/v2\/users\/19"}],"replies":[{"embeddable":true,"href":"https:\/\/blog.bib.uni-mannheim.de\/Aktuelles\/index.php?rest_route=%2Fwp%2Fv2%2Fcomments&post=9608"}],"version-history":[{"count":0,"href":"https:\/\/blog.bib.uni-mannheim.de\/Aktuelles\/index.php?rest_route=\/wp\/v2\/posts\/9608\/revisions"}],"wp:attachment":[{"href":"https:\/\/blog.bib.uni-mannheim.de\/Aktuelles\/index.php?rest_route=%2Fwp%2Fv2%2Fmedia&parent=9608"}],"wp:term":[{"taxonomy":"category","embeddable":true,"href":"https:\/\/blog.bib.uni-mannheim.de\/Aktuelles\/index.php?rest_route=%2Fwp%2Fv2%2Fcategories&post=9608"},{"taxonomy":"post_tag","embeddable":true,"href":"https:\/\/blog.bib.uni-mannheim.de\/Aktuelles\/index.php?rest_route=%2Fwp%2Fv2%2Ftags&post=9608"}],"curies":[{"name":"wp","href":"https:\/\/api.w.org\/{rel}","templated":true}]}}