{"id":9927,"date":"2014-07-10T16:44:02","date_gmt":"2014-07-10T14:44:02","guid":{"rendered":"http:\/\/blog.bib.uni-mannheim.de\/Aktuelles\/?p=9927"},"modified":"2014-07-28T11:44:07","modified_gmt":"2014-07-28T09:44:07","slug":"ehrenhof-bibliothek-schliesst-vom-25-27-juli-2014-um-14-uhr","status":"publish","type":"post","link":"https:\/\/blog.bib.uni-mannheim.de\/Aktuelles\/?p=9927","title":{"rendered":"Ehrenhof-Bibliothek schlie\u00dft vom 25. &#8211; 27.  Juli 2014 um 14 Uhr"},"content":{"rendered":"<p><strong><a href=\"http:\/\/blog.bib.uni-mannheim.de\/Aktuelles\/?p=9927\"><img loading=\"lazy\" decoding=\"async\" class=\"alignleft wp-image-9930 \" src=\"http:\/\/blog.bib.uni-mannheim.de\/Aktuelles\/wp-content\/uploads\/2014\/07\/Haardrock_Ceylan_2014-300x200.jpg\" alt=\"Haardrock_Ceylan_2014\" width=\"245\" height=\"163\" srcset=\"https:\/\/blog.bib.uni-mannheim.de\/Aktuelles\/wp-content\/uploads\/2014\/07\/Haardrock_Ceylan_2014-300x200.jpg 300w, https:\/\/blog.bib.uni-mannheim.de\/Aktuelles\/wp-content\/uploads\/2014\/07\/Haardrock_Ceylan_2014.jpg 960w\" sizes=\"auto, (max-width: 245px) 100vw, 245px\" \/><\/a>Von Freitag, 25. Juli bis Sonntag 27. Juli 2014 schlie\u00dft der Bibliotheksbereich <a href=\"http:\/\/www.bib.uni-mannheim.de\/70.html\" target=\"_blank\">Schloss Ehrenhof<\/a><\/strong> (Hasso-Plattner-Bibliothek)<strong> wegen der Gro\u00dfveranstaltung <a href=\"http:\/\/www.schloss-mannheim.de\/besucherinformation\/fuehrungen-veranstaltungen\/buelent-ceylan-live\/\" target=\"_blank\">HAARDROCK mit B\u00fclent Ceylan<\/a> im Ehrenhof bereits um 14 Uhr. <\/strong><strong>Die <a href=\"http:\/\/www.bib.uni-mannheim.de\/142.html\" target=\"_blank\">Lehrbuchsammlung im Schloss Ehrenhof West<\/a> schlie\u00dft am Freitag ebenfalls um 14 Uhr.<br \/>\n<\/strong>[update 22.07.2014]<strong>Am Sonntag, 27. Juli ist bereits ab 13 Uhr kein Einlass mehr zur Bibliothek.<\/strong><\/p>\n<p><strong>Ab Montag, 28. Juli ist dann wieder wie gewohnt ge\u00f6ffnet.<\/strong><\/p>\n<p>Alle <a href=\"http:\/\/www.bib.uni-mannheim.de\/63.html\" target=\"_blank\"><strong>anderen Bibliotheksbereiche<\/strong><\/a> sind an diesen Tag <strong><a href=\"http:\/\/www.bib.uni-mannheim.de\/88.html\" target=\"_blank\">regul\u00e4r ge\u00f6ffnet<\/a>.<\/strong><\/p>\n<p>&nbsp;<\/p>\n","protected":false},"excerpt":{"rendered":"<p>Von Freitag, 25. Juli bis Sonntag 27. Juli 2014 schlie\u00dft der Bibliotheksbereich Schloss Ehrenhof (Hasso-Plattner-Bibliothek) wegen der Gro\u00dfveranstaltung HAARDROCK mit B\u00fclent Ceylan im Ehrenhof bereits um 14 Uhr. Die Lehrbuchsammlung im Schloss Ehrenhof West schlie\u00dft am Freitag ebenfalls um 14 &hellip; <a href=\"https:\/\/blog.bib.uni-mannheim.de\/Aktuelles\/?p=9927\">Weiterlesen <span class=\"meta-nav\">&rarr;<\/span><\/a><\/p>\n","protected":false},"author":19,"featured_media":0,"comment_status":"open","ping_status":"open","sticky":false,"template":"","format":"standard","meta":{"footnotes":""},"categories":[20,8],"tags":[],"class_list":["post-9927","post","type-post","status-publish","format-standard","hentry","category-oeffnungszeiten","category-veranstaltungen"],"views":4612,"_links":{"self":[{"href":"https:\/\/blog.bib.uni-mannheim.de\/Aktuelles\/index.php?rest_route=\/wp\/v2\/posts\/9927","targetHints":{"allow":["GET"]}}],"collection":[{"href":"https:\/\/blog.bib.uni-mannheim.de\/Aktuelles\/index.php?rest_route=\/wp\/v2\/posts"}],"about":[{"href":"https:\/\/blog.bib.uni-mannheim.de\/Aktuelles\/index.php?rest_route=\/wp\/v2\/types\/post"}],"author":[{"embeddable":true,"href":"https:\/\/blog.bib.uni-mannheim.de\/Aktuelles\/index.php?rest_route=\/wp\/v2\/users\/19"}],"replies":[{"embeddable":true,"href":"https:\/\/blog.bib.uni-mannheim.de\/Aktuelles\/index.php?rest_route=%2Fwp%2Fv2%2Fcomments&post=9927"}],"version-history":[{"count":0,"href":"https:\/\/blog.bib.uni-mannheim.de\/Aktuelles\/index.php?rest_route=\/wp\/v2\/posts\/9927\/revisions"}],"wp:attachment":[{"href":"https:\/\/blog.bib.uni-mannheim.de\/Aktuelles\/index.php?rest_route=%2Fwp%2Fv2%2Fmedia&parent=9927"}],"wp:term":[{"taxonomy":"category","embeddable":true,"href":"https:\/\/blog.bib.uni-mannheim.de\/Aktuelles\/index.php?rest_route=%2Fwp%2Fv2%2Fcategories&post=9927"},{"taxonomy":"post_tag","embeddable":true,"href":"https:\/\/blog.bib.uni-mannheim.de\/Aktuelles\/index.php?rest_route=%2Fwp%2Fv2%2Ftags&post=9927"}],"curies":[{"name":"wp","href":"https:\/\/api.w.org\/{rel}","templated":true}]}}